{"id":446,"date":"2016-11-18T10:55:09","date_gmt":"2016-11-18T08:55:09","guid":{"rendered":"http:\/\/artisansdumonde-saintnazaire.org\/?p=446"},"modified":"2019-05-10T19:04:45","modified_gmt":"2019-05-10T17:04:45","slug":"marche-de-noel-amnesty-international-a-saint-nazaire","status":"publish","type":"post","link":"https:\/\/artisansdumonde-saintnazaire.org\/?p=446","title":{"rendered":"March\u00e9 de No\u00ebl Amnesty International \u00e0 St-Nazaire"},"content":{"rendered":"<h5 style=\"text-align: justify;\"><img loading=\"lazy\" decoding=\"async\" class=\"alignnone wp-image-448\" src=\"https:\/\/artisansdumonde-saintnazaire.org\/wp-content\/uploads\/Logo-adm-2016-Teal-horizontal-png-300x99.png\" alt=\"logo-adm-2016-teal-horizontal-png\" width=\"209\" height=\"69\" srcset=\"https:\/\/artisansdumonde-saintnazaire.org\/wp-content\/uploads\/Logo-adm-2016-Teal-horizontal-png-300x99.png 300w, https:\/\/artisansdumonde-saintnazaire.org\/wp-content\/uploads\/Logo-adm-2016-Teal-horizontal-png.png 398w\" sizes=\"auto, (max-width: 209px) 100vw, 209px\" \/><br \/>\n<strong>Artisans du Monde Saint-Nazaire<\/strong> participe au march\u00e9 de No\u00ebl d&rsquo;Amnesty International le samedi 26 novembre de 14h. \u00e0 19h. et le dimanche 27 novembre 2016 de 10h. \u00e0 19h.<\/h5>\n<p>Rendez-vous salle jacques Brel, quai Demange.<\/p>\n<p><img loading=\"lazy\" decoding=\"async\" class=\"size-full wp-image-447 aligncenter\" src=\"https:\/\/artisansdumonde-saintnazaire.org\/wp-content\/uploads\/amnesty_logo-1.png\" alt=\"amnesty_logo\" width=\"284\" height=\"87\" \/><\/p>\n<p>Contact :\u00a0<a href=\"mailto:amnesty.saintnazaire@laposte.net?subject:Amnesty%20International%20France%20-%20Saint%20Nazaire\">amnesty.saintnazaire@laposte.net<\/a><\/p>\n","protected":false},"excerpt":{"rendered":"<p>Artisans du Monde Saint-Nazaire participe au march\u00e9 de No\u00ebl d&rsquo;Amnesty International le samedi 26 novembre de 14h. \u00e0 19h. et le dimanche 27 novembre 2016 de 10h. \u00e0 19h. Rendez-vous salle jacques Brel, quai Demange. Contact :\u00a0amnesty.saintnazaire@laposte.net<\/p>\n","protected":false},"author":2,"featured_media":0,"comment_status":"closed","ping_status":"closed","sticky":false,"template":"","format":"standard","meta":{"_crdt_document":"","_mo_disable_npp":"","footnotes":""},"categories":[4],"tags":[],"class_list":["post-446","post","type-post","status-publish","format-standard","hentry","category-actualites"],"_links":{"self":[{"href":"https:\/\/artisansdumonde-saintnazaire.org\/index.php?rest_route=\/wp\/v2\/posts\/446","targetHints":{"allow":["GET"]}}],"collection":[{"href":"https:\/\/artisansdumonde-saintnazaire.org\/index.php?rest_route=\/wp\/v2\/posts"}],"about":[{"href":"https:\/\/artisansdumonde-saintnazaire.org\/index.php?rest_route=\/wp\/v2\/types\/post"}],"author":[{"embeddable":true,"href":"https:\/\/artisansdumonde-saintnazaire.org\/index.php?rest_route=\/wp\/v2\/users\/2"}],"replies":[{"embeddable":true,"href":"https:\/\/artisansdumonde-saintnazaire.org\/index.php?rest_route=%2Fwp%2Fv2%2Fcomments&post=446"}],"version-history":[{"count":0,"href":"https:\/\/artisansdumonde-saintnazaire.org\/index.php?rest_route=\/wp\/v2\/posts\/446\/revisions"}],"wp:attachment":[{"href":"https:\/\/artisansdumonde-saintnazaire.org\/index.php?rest_route=%2Fwp%2Fv2%2Fmedia&parent=446"}],"wp:term":[{"taxonomy":"category","embeddable":true,"href":"https:\/\/artisansdumonde-saintnazaire.org\/index.php?rest_route=%2Fwp%2Fv2%2Fcategories&post=446"},{"taxonomy":"post_tag","embeddable":true,"href":"https:\/\/artisansdumonde-saintnazaire.org\/index.php?rest_route=%2Fwp%2Fv2%2Ftags&post=446"}],"curies":[{"name":"wp","href":"https:\/\/api.w.org\/{rel}","templated":true}]}}