{"id":438,"date":"2016-11-17T15:12:56","date_gmt":"2016-11-17T13:12:56","guid":{"rendered":"http:\/\/artisansdumonde-saintnazaire.org\/?p=438"},"modified":"2019-05-10T19:04:53","modified_gmt":"2019-05-10T17:04:53","slug":"consommer-local-equitable-et-responsable","status":"publish","type":"post","link":"https:\/\/artisansdumonde-saintnazaire.org\/?p=438","title":{"rendered":"Consommer local \u00e9quitable et responsable"},"content":{"rendered":"<p><img loading=\"lazy\" decoding=\"async\" class=\"wp-image-441 aligncenter\" src=\"https:\/\/artisansdumonde-saintnazaire.org\/wp-content\/uploads\/l_201609_depliant_circuits-courts-300x209.png\" alt=\"l_201609_depliant_circuits-courts\" width=\"282\" height=\"196\" srcset=\"https:\/\/artisansdumonde-saintnazaire.org\/wp-content\/uploads\/l_201609_depliant_circuits-courts-300x209.png 300w, https:\/\/artisansdumonde-saintnazaire.org\/wp-content\/uploads\/l_201609_depliant_circuits-courts.png 600w\" sizes=\"auto, (max-width: 282px) 100vw, 282px\" \/><\/p>\n<p style=\"text-align: center;\"><b>Salle Jacques TATI, 2 bis rue Albert De Mun,<br \/>\nle mercredi 30 novembre, d\u00e8s 19h<\/b><\/p>\n<p style=\"text-align: justify;\">Soir\u00e9e \u00ab\u00a0<strong>Consommer local, \u00e9quitable et responsable<\/strong>\u00a0\u00bb<br \/>\navec la projection d&rsquo;un court m\u00e9trage consacr\u00e9 aux paysans de la CARENE.<\/p>\n<p style=\"text-align: justify;\">Une d\u00e9gustation de produits locaux et \u00e9quitables.<\/p>\n<p style=\"text-align: justify;\">Projection du film<strong> Food Coop<\/strong> suivie d&rsquo;un d\u00e9bat avec des acteurs d&rsquo;un projet nantais s&rsquo;inspirant de l&rsquo;exp\u00e9rience am\u00e9ricaine.<\/p>\n<p style=\"text-align: justify;\">Acc\u00e8s aux tarifs habituels du Tati : 4.50 \u00e0 6.50 \u20ac.<\/p>\n<p style=\"text-align: justify;\">Soir\u00e9e organis\u00e9e dans le cadre de Territoires de Commerce Equitable (label obtenu par la Ville de St Nazaire) et avec le concours d&rsquo;Attac.<\/p>\n<p style=\"text-align: center;\"><a href=\"https:\/\/vimeo.com\/166388881\"><img loading=\"lazy\" decoding=\"async\" class=\"size-medium wp-image-439 aligncenter\" src=\"https:\/\/artisansdumonde-saintnazaire.org\/wp-content\/uploads\/Food-Coop-300x163.jpg\" alt=\"food-coop\" width=\"300\" height=\"163\" srcset=\"https:\/\/artisansdumonde-saintnazaire.org\/wp-content\/uploads\/Food-Coop-300x163.jpg 300w, https:\/\/artisansdumonde-saintnazaire.org\/wp-content\/uploads\/Food-Coop-768x418.jpg 768w, https:\/\/artisansdumonde-saintnazaire.org\/wp-content\/uploads\/Food-Coop.jpg 889w\" sizes=\"auto, (max-width: 300px) 100vw, 300px\" \/><\/a>Pour en savoir plus sur le film <strong>FOOD COOP <\/strong>aller sur le site <span style=\"color: #3333ff;\"><a href=\"https:\/\/vimeo.com\/166388881\">https:\/\/vimeo.com\/166388881<\/a><\/span><\/p>\n","protected":false},"excerpt":{"rendered":"<p>Salle Jacques TATI, 2 bis rue Albert De Mun, le mercredi 30 novembre, d\u00e8s 19h Soir\u00e9e \u00ab\u00a0Consommer local, \u00e9quitable et responsable\u00a0\u00bb avec la projection d&rsquo;un court m\u00e9trage consacr\u00e9 aux paysans de la CARENE. Une d\u00e9gustation de produits locaux et \u00e9quitables. Projection du film Food Coop suivie d&rsquo;un d\u00e9bat avec des acteurs d&rsquo;un projet nantais s&rsquo;inspirant &hellip; <a href=\"https:\/\/artisansdumonde-saintnazaire.org\/?p=438\" class=\"more-link\">Continuer la lecture de <span class=\"screen-reader-text\">Consommer local \u00e9quitable et responsable<\/span>  <span class=\"meta-nav\">&rarr;<\/span><\/a><\/p>\n","protected":false},"author":2,"featured_media":441,"comment_status":"closed","ping_status":"closed","sticky":false,"template":"","format":"standard","meta":{"_crdt_document":"","_mo_disable_npp":"","footnotes":""},"categories":[4],"tags":[],"class_list":["post-438","post","type-post","status-publish","format-standard","has-post-thumbnail","hentry","category-actualites"],"_links":{"self":[{"href":"https:\/\/artisansdumonde-saintnazaire.org\/index.php?rest_route=\/wp\/v2\/posts\/438","targetHints":{"allow":["GET"]}}],"collection":[{"href":"https:\/\/artisansdumonde-saintnazaire.org\/index.php?rest_route=\/wp\/v2\/posts"}],"about":[{"href":"https:\/\/artisansdumonde-saintnazaire.org\/index.php?rest_route=\/wp\/v2\/types\/post"}],"author":[{"embeddable":true,"href":"https:\/\/artisansdumonde-saintnazaire.org\/index.php?rest_route=\/wp\/v2\/users\/2"}],"replies":[{"embeddable":true,"href":"https:\/\/artisansdumonde-saintnazaire.org\/index.php?rest_route=%2Fwp%2Fv2%2Fcomments&post=438"}],"version-history":[{"count":0,"href":"https:\/\/artisansdumonde-saintnazaire.org\/index.php?rest_route=\/wp\/v2\/posts\/438\/revisions"}],"wp:featuredmedia":[{"embeddable":true,"href":"https:\/\/artisansdumonde-saintnazaire.org\/index.php?rest_route=\/wp\/v2\/media\/441"}],"wp:attachment":[{"href":"https:\/\/artisansdumonde-saintnazaire.org\/index.php?rest_route=%2Fwp%2Fv2%2Fmedia&parent=438"}],"wp:term":[{"taxonomy":"category","embeddable":true,"href":"https:\/\/artisansdumonde-saintnazaire.org\/index.php?rest_route=%2Fwp%2Fv2%2Fcategories&post=438"},{"taxonomy":"post_tag","embeddable":true,"href":"https:\/\/artisansdumonde-saintnazaire.org\/index.php?rest_route=%2Fwp%2Fv2%2Ftags&post=438"}],"curies":[{"name":"wp","href":"https:\/\/api.w.org\/{rel}","templated":true}]}}