{"id":214,"date":"2015-11-18T11:44:41","date_gmt":"2015-11-18T09:44:41","guid":{"rendered":"http:\/\/artisansdumonde-saintnazaire.org\/?p=214"},"modified":"2015-11-19T12:06:16","modified_gmt":"2015-11-19T10:06:16","slug":"lactualite-climat","status":"publish","type":"post","link":"https:\/\/artisansdumonde-saintnazaire.org\/?p=214","title":{"rendered":"L\u2019actualit\u00e9 climat"},"content":{"rendered":"<table style=\"height: 269px;\" width=\"428\">\n<tbody>\n<tr>\n<td>&nbsp;<\/p>\n<p><img loading=\"lazy\" decoding=\"async\" class=\"wp-image-215 alignleft\" src=\"https:\/\/artisansdumonde-saintnazaire.org\/wp-content\/uploads\/cop21-212x300.png\" alt=\"COP21\" width=\"212\" height=\"300\" srcset=\"https:\/\/artisansdumonde-saintnazaire.org\/wp-content\/uploads\/cop21-212x300.png 212w, https:\/\/artisansdumonde-saintnazaire.org\/wp-content\/uploads\/cop21.png 300w\" sizes=\"auto, (max-width: 212px) 100vw, 212px\" \/><\/td>\n<td>Malgr\u00e9 les \u00e9v\u00e9nements r\u00e9cents, nous continuons notre combat pour le climat ! Maintenant plus que jamais, il est important de se mobiliser et de rester unis et solidaires.<\/p>\n<p>L\u2019ouverture de la <strong>COP21<\/strong> est pr\u00e9vue pour le 30 novembre. Artisans du Monde ne manquera pas de faire entendre sa voix pour souligner l\u2019urgence de promouvoir un autre type de commerce, plus humain et durable.<\/p>\n<p>(Re)d\u00e9couvrez notre campagne et <a href=\"http:\/\/www.artisansdumonde.org\/item\/709-avec-artisans-du-monde-changez-le-commerce-pas-le-climat.html?acm=610_71\">notre programme.<\/a><\/td>\n<\/tr>\n<\/tbody>\n<\/table>\n","protected":false},"excerpt":{"rendered":"<p>&nbsp; Malgr\u00e9 les \u00e9v\u00e9nements r\u00e9cents, nous continuons notre combat pour le climat ! Maintenant plus que jamais, il est important de se mobiliser et de rester unis et solidaires. L\u2019ouverture de la COP21 est pr\u00e9vue pour le 30 novembre. Artisans du Monde ne manquera pas de faire entendre sa voix pour souligner l\u2019urgence de promouvoir &hellip; <a href=\"https:\/\/artisansdumonde-saintnazaire.org\/?p=214\" class=\"more-link\">Continuer la lecture de <span class=\"screen-reader-text\">L\u2019actualit\u00e9 climat<\/span>  <span class=\"meta-nav\">&rarr;<\/span><\/a><\/p>\n","protected":false},"author":2,"featured_media":0,"comment_status":"closed","ping_status":"closed","sticky":false,"template":"","format":"standard","meta":{"_crdt_document":"","_mo_disable_npp":"","footnotes":""},"categories":[4],"tags":[],"class_list":["post-214","post","type-post","status-publish","format-standard","hentry","category-actualites"],"_links":{"self":[{"href":"https:\/\/artisansdumonde-saintnazaire.org\/index.php?rest_route=\/wp\/v2\/posts\/214","targetHints":{"allow":["GET"]}}],"collection":[{"href":"https:\/\/artisansdumonde-saintnazaire.org\/index.php?rest_route=\/wp\/v2\/posts"}],"about":[{"href":"https:\/\/artisansdumonde-saintnazaire.org\/index.php?rest_route=\/wp\/v2\/types\/post"}],"author":[{"embeddable":true,"href":"https:\/\/artisansdumonde-saintnazaire.org\/index.php?rest_route=\/wp\/v2\/users\/2"}],"replies":[{"embeddable":true,"href":"https:\/\/artisansdumonde-saintnazaire.org\/index.php?rest_route=%2Fwp%2Fv2%2Fcomments&post=214"}],"version-history":[{"count":0,"href":"https:\/\/artisansdumonde-saintnazaire.org\/index.php?rest_route=\/wp\/v2\/posts\/214\/revisions"}],"wp:attachment":[{"href":"https:\/\/artisansdumonde-saintnazaire.org\/index.php?rest_route=%2Fwp%2Fv2%2Fmedia&parent=214"}],"wp:term":[{"taxonomy":"category","embeddable":true,"href":"https:\/\/artisansdumonde-saintnazaire.org\/index.php?rest_route=%2Fwp%2Fv2%2Fcategories&post=214"},{"taxonomy":"post_tag","embeddable":true,"href":"https:\/\/artisansdumonde-saintnazaire.org\/index.php?rest_route=%2Fwp%2Fv2%2Ftags&post=214"}],"curies":[{"name":"wp","href":"https:\/\/api.w.org\/{rel}","templated":true}]}}