{"id":185,"date":"2015-11-18T13:15:32","date_gmt":"2015-11-18T11:15:32","guid":{"rendered":"http:\/\/artisansdumonde-saintnazaire.org\/?p=185"},"modified":"2019-05-10T19:06:35","modified_gmt":"2019-05-10T17:06:35","slug":"attentats-a-paris","status":"publish","type":"post","link":"https:\/\/artisansdumonde-saintnazaire.org\/?p=185","title":{"rendered":"Attentats \u00e0 Paris"},"content":{"rendered":"<p style=\"text-align: center;\"><a href=\"https:\/\/artisansdumonde-saintnazaire.org\/wp-content\/uploads\/Paris.gif\"><img loading=\"lazy\" decoding=\"async\" class=\"alignnone size-full wp-image-191\" src=\"https:\/\/artisansdumonde-saintnazaire.org\/wp-content\/uploads\/Paris.gif\" alt=\"Paris\" width=\"150\" height=\"105\" \/><\/a><\/p>\n<p style=\"text-align: justify;\">Suite aux attentats effrayants commis \u00e0 Paris qui nous bouleversent profond\u00e9ment, retrouvez <a href=\"https:\/\/artisansdumonde-saintnazaire.org\/wp-content\/uploads\/message-attentats.pdf\" target=\"_blank\" rel=\"noopener noreferrer\">le communiqu\u00e9<\/a> de Marie Verdure, PDG de SOLIDAR&rsquo;MONDE et Daniel Beauch\u00eane, Pr\u00e9sident de la F\u00e9d\u00e9ration ARTISANS DU MONDE, \u00a0 <a href=\"https:\/\/artisansdumonde-saintnazaire.org\/wp-content\/uploads\/Attentats-%C3%A0-Paris.pdf\" target=\"_blank\" rel=\"noopener noreferrer\">le message du directeur de la f\u00e9d\u00e9ration<\/a>, G\u00e9rald Godreuil ainsi que <a href=\"https:\/\/artisansdumonde-saintnazaire.org\/wp-content\/uploads\/Attentats-Paris.pdf\" target=\"_blank\" rel=\"noopener noreferrer\">les messages de soutien nos partenaires<\/a>.<\/p>\n<p>&nbsp;<\/p>\n","protected":false},"excerpt":{"rendered":"<p>Suite aux attentats effrayants commis \u00e0 Paris qui nous bouleversent profond\u00e9ment, retrouvez le communiqu\u00e9 de Marie Verdure, PDG de SOLIDAR&rsquo;MONDE et Daniel Beauch\u00eane, Pr\u00e9sident de la F\u00e9d\u00e9ration ARTISANS DU MONDE, \u00a0 le message du directeur de la f\u00e9d\u00e9ration, G\u00e9rald Godreuil ainsi que les messages de soutien nos partenaires. &nbsp;<\/p>\n","protected":false},"author":2,"featured_media":0,"comment_status":"closed","ping_status":"closed","sticky":false,"template":"","format":"standard","meta":{"_crdt_document":"","_mo_disable_npp":"","footnotes":""},"categories":[4],"tags":[],"class_list":["post-185","post","type-post","status-publish","format-standard","hentry","category-actualites"],"_links":{"self":[{"href":"https:\/\/artisansdumonde-saintnazaire.org\/index.php?rest_route=\/wp\/v2\/posts\/185","targetHints":{"allow":["GET"]}}],"collection":[{"href":"https:\/\/artisansdumonde-saintnazaire.org\/index.php?rest_route=\/wp\/v2\/posts"}],"about":[{"href":"https:\/\/artisansdumonde-saintnazaire.org\/index.php?rest_route=\/wp\/v2\/types\/post"}],"author":[{"embeddable":true,"href":"https:\/\/artisansdumonde-saintnazaire.org\/index.php?rest_route=\/wp\/v2\/users\/2"}],"replies":[{"embeddable":true,"href":"https:\/\/artisansdumonde-saintnazaire.org\/index.php?rest_route=%2Fwp%2Fv2%2Fcomments&post=185"}],"version-history":[{"count":0,"href":"https:\/\/artisansdumonde-saintnazaire.org\/index.php?rest_route=\/wp\/v2\/posts\/185\/revisions"}],"wp:attachment":[{"href":"https:\/\/artisansdumonde-saintnazaire.org\/index.php?rest_route=%2Fwp%2Fv2%2Fmedia&parent=185"}],"wp:term":[{"taxonomy":"category","embeddable":true,"href":"https:\/\/artisansdumonde-saintnazaire.org\/index.php?rest_route=%2Fwp%2Fv2%2Fcategories&post=185"},{"taxonomy":"post_tag","embeddable":true,"href":"https:\/\/artisansdumonde-saintnazaire.org\/index.php?rest_route=%2Fwp%2Fv2%2Ftags&post=185"}],"curies":[{"name":"wp","href":"https:\/\/api.w.org\/{rel}","templated":true}]}}