{"id":1785,"date":"2024-12-18T16:12:55","date_gmt":"2024-12-18T14:12:55","guid":{"rendered":"https:\/\/artisansdumonde-saintnazaire.org\/?p=1785"},"modified":"2024-12-18T17:35:28","modified_gmt":"2024-12-18T15:35:28","slug":"solidarite-avec-les-migrants","status":"publish","type":"post","link":"https:\/\/artisansdumonde-saintnazaire.org\/?p=1785","title":{"rendered":"Solidarit\u00e9 avec les migrants"},"content":{"rendered":"<p><img loading=\"lazy\" decoding=\"async\" class=\"alignnone wp-image-1791\" src=\"https:\/\/artisansdumonde-saintnazaire.org\/wp-content\/uploads\/migrants-day-222x300.gif\" alt=\"\" width=\"501\" height=\"678\" srcset=\"https:\/\/artisansdumonde-saintnazaire.org\/wp-content\/uploads\/migrants-day-222x300.gif 222w, https:\/\/artisansdumonde-saintnazaire.org\/wp-content\/uploads\/migrants-day-757x1024.gif 757w, https:\/\/artisansdumonde-saintnazaire.org\/wp-content\/uploads\/migrants-day-768x1039.gif 768w\" sizes=\"auto, (max-width: 501px) 100vw, 501px\" \/><\/p>\n<p style=\"text-align: center;\">Nous voulons vivre ensemble dans le respect de ce qui nous lie.<br \/>\nNous ne voulons pas d&rsquo;une soci\u00e9t\u00e9 raciste.<br \/>\nLes solidarit\u00e9s doivent \u00eatre pour, et avec, toutes celles qui<br \/>\nen ont besoin.<\/p>\n<p style=\"text-align: left;\">\u00a0\u00a0\u00a0\u00a0 Travailleuses et travailleurs \u00e9trangers, personnes exil\u00e9es, \u00e9tudiantes et \u00e9tudiants&#8230; sont les cibles de politiques migratoires qui voient en l&rsquo;\u00e9tranger un criminel en puissance, un \u00ab\u00a0ind\u00e9sirable\u00a0\u00bb.<\/p>\n<p style=\"text-align: left;\">La loi immigration de janvier 2024 et le Pacte Asile et Immigration de l&rsquo;UE ont encore radicalis\u00e9 des politiques r\u00e9pressives et brutales.<\/p>\n<p>\u00a0\u00a0\u00a0\u00a0 Les mers ram\u00e8nent les corps de noy\u00e9s ; des enfants et des adolescents sont abandonn\u00e9s par les institutions ; des personnes qui travaillent, \u00e9tudient, vivent ici se voient refuser leur r\u00e9gularisation, sont trait\u00e9es comme des d\u00e9linquants ; des r\u00e9sident-e-s de longue date rencontrent des difficult\u00e9s inou\u00efes pour prolonger leur titre de s\u00e9jour et perdent leur travail, leur logement, leurs droits sociaux et leur couverture m\u00e9dicale.<\/p>\n<p style=\"text-align: center;\"><strong>Sur cette toile de fond, prosp\u00e8rent au quotidien racisme, x\u00e9nophobie, stigmatisation et discriminations.<\/strong><\/p>\n<p>\u00a0\u00a0\u00a0 L&rsquo;extr\u00eame droite en profite pour d\u00e9velopper le fantasme d&rsquo;une population \u00ab\u00a0\u00e9trang\u00e8re\u00a0\u00bb \u00ab\u00a0inassimilable\u00a0\u00bb. Elle attise le rejet des \u00ab\u00a0\u00e9trangers\u00a0\u00bb qui seraient la cause de tous les maux socio-\u00e9conomiques.<br \/>\nIl faut r\u00e9agir ! Il faut \u00eatre au quotidien avec toutes les organisations syndicales et associatives qui s&rsquo;engagent aupr\u00e8s de celles et ceux qui sont priv\u00e9-e-s de leurs droits et de leur dignit\u00e9 pour une couleur de peau, une religion ou le simple fait d&rsquo;\u00eatre n\u00e9-e-s ailleurs<\/p>\n<hr \/>\n<p><strong>Nous manifestons ce 21 d\u00e9cembre pour le respect de la protection et des droits :<\/strong><\/p>\n<ul>\n<li><strong>.des travailleuses et travailleurs migrants,<\/strong><\/li>\n<li><strong>\u00a0de leurs familles,<\/strong><\/li>\n<li><strong>de toutes les personnes exil\u00e9es !<\/strong><\/li>\n<\/ul>\n","protected":false},"excerpt":{"rendered":"<p>Nous voulons vivre ensemble dans le respect de ce qui nous lie. Nous ne voulons pas d&rsquo;une soci\u00e9t\u00e9 raciste. Les solidarit\u00e9s doivent \u00eatre pour, et avec, toutes celles qui en ont besoin. \u00a0\u00a0\u00a0\u00a0 Travailleuses et travailleurs \u00e9trangers, personnes exil\u00e9es, \u00e9tudiantes et \u00e9tudiants&#8230; sont les cibles de politiques migratoires qui voient en l&rsquo;\u00e9tranger un criminel en &hellip; <a href=\"https:\/\/artisansdumonde-saintnazaire.org\/?p=1785\" class=\"more-link\">Continuer la lecture de <span class=\"screen-reader-text\">Solidarit\u00e9 avec les migrants<\/span>  <span class=\"meta-nav\">&rarr;<\/span><\/a><\/p>\n","protected":false},"author":2,"featured_media":0,"comment_status":"closed","ping_status":"closed","sticky":false,"template":"","format":"standard","meta":{"_crdt_document":"","_mo_disable_npp":"","footnotes":""},"categories":[4],"tags":[],"class_list":["post-1785","post","type-post","status-publish","format-standard","hentry","category-actualites"],"_links":{"self":[{"href":"https:\/\/artisansdumonde-saintnazaire.org\/index.php?rest_route=\/wp\/v2\/posts\/1785","targetHints":{"allow":["GET"]}}],"collection":[{"href":"https:\/\/artisansdumonde-saintnazaire.org\/index.php?rest_route=\/wp\/v2\/posts"}],"about":[{"href":"https:\/\/artisansdumonde-saintnazaire.org\/index.php?rest_route=\/wp\/v2\/types\/post"}],"author":[{"embeddable":true,"href":"https:\/\/artisansdumonde-saintnazaire.org\/index.php?rest_route=\/wp\/v2\/users\/2"}],"replies":[{"embeddable":true,"href":"https:\/\/artisansdumonde-saintnazaire.org\/index.php?rest_route=%2Fwp%2Fv2%2Fcomments&post=1785"}],"version-history":[{"count":0,"href":"https:\/\/artisansdumonde-saintnazaire.org\/index.php?rest_route=\/wp\/v2\/posts\/1785\/revisions"}],"wp:attachment":[{"href":"https:\/\/artisansdumonde-saintnazaire.org\/index.php?rest_route=%2Fwp%2Fv2%2Fmedia&parent=1785"}],"wp:term":[{"taxonomy":"category","embeddable":true,"href":"https:\/\/artisansdumonde-saintnazaire.org\/index.php?rest_route=%2Fwp%2Fv2%2Fcategories&post=1785"},{"taxonomy":"post_tag","embeddable":true,"href":"https:\/\/artisansdumonde-saintnazaire.org\/index.php?rest_route=%2Fwp%2Fv2%2Ftags&post=1785"}],"curies":[{"name":"wp","href":"https:\/\/api.w.org\/{rel}","templated":true}]}}