{"id":1709,"date":"2024-03-21T11:43:47","date_gmt":"2024-03-21T09:43:47","guid":{"rendered":"https:\/\/artisansdumonde-saintnazaire.org\/?p=1709"},"modified":"2024-03-21T11:43:47","modified_gmt":"2024-03-21T09:43:47","slug":"accord-de-libre-echange-ue-mercosur-une-bombe-climatique-et-un-accord-antidemocratique","status":"publish","type":"post","link":"https:\/\/artisansdumonde-saintnazaire.org\/?p=1709","title":{"rendered":"Accord de libre-\u00e9change UE-Mercosur : une bombe climatique et un accord antid\u00e9mocratique"},"content":{"rendered":"<p><img loading=\"lazy\" decoding=\"async\" class=\"alignnone wp-image-1710\" src=\"https:\/\/artisansdumonde-saintnazaire.org\/wp-content\/uploads\/Stop-UE-Mercosur-300x158.jpg\" alt=\"\" width=\"497\" height=\"262\" srcset=\"https:\/\/artisansdumonde-saintnazaire.org\/wp-content\/uploads\/Stop-UE-Mercosur-300x158.jpg 300w, https:\/\/artisansdumonde-saintnazaire.org\/wp-content\/uploads\/Stop-UE-Mercosur-1024x538.jpg 1024w, https:\/\/artisansdumonde-saintnazaire.org\/wp-content\/uploads\/Stop-UE-Mercosur-768x403.jpg 768w, https:\/\/artisansdumonde-saintnazaire.org\/wp-content\/uploads\/Stop-UE-Mercosur.jpg 1200w\" sizes=\"auto, (max-width: 497px) 100vw, 497px\" \/><br \/>\nAlors que les <span style=\"color: #617fb6;\"><strong>agriculteurs et agricultrices manifestent dans toute l&rsquo;Europe<\/strong><\/span>, nous d\u00e9plorons que la <span style=\"color: #617fb6;\"><strong>Commission Europ\u00e9enne continue de faire pression<\/strong><\/span> sur les \u00e9tats, pour ratifier un accord qui sera source de <span style=\"color: #617fb6;\"><strong>concurrence d\u00e9loyale entre agriculteur\u00b7ices d&rsquo;Europe et d&rsquo;Am\u00e9rique du Sud<\/strong>.&#xfe0f;<\/span><\/p>\n<p data-testid=\"MEZ3MzGSDVAaCzHin0Wy5\"><span style=\"color: #617fb6;\"><strong>L&rsquo;accord de libre-\u00e9change UE-Mercosur<\/strong> <strong>constitue une grave<\/strong> <strong>menace pour les personnes et l&rsquo;environnement<\/strong>.<\/span> Comme le montrent plusieurs \u00e9tudes, dont <u>l&rsquo;\u00e9tude d&rsquo;impact men\u00e9e par la Commission elle-m\u00eame<\/u>, l&rsquo;accord de libre-\u00e9change, au lieu de lutter contre l&rsquo;urgence climatique, va l\u2019aggraver. Il place une fois encore les int\u00e9r\u00eats \u00e9conomiques au-dessus de notre bien-\u00eatre commun.<\/p>\n<p data-testid=\"MEZ3MzGSDVAaCzHin0Wy5\">De plus, les n\u00e9gociations autour de cet accord n&rsquo;ont<span style=\"color: #617fb6;\"> <strong>aucune l\u00e9gitimit\u00e9 d\u00e9mocratique<\/strong>.<\/span> Cela s&rsquo;illustre par la pr\u00e9cipitation de la Commission Europ\u00e9enne pour conclure un accord \u00e0 l&rsquo;abri de l&rsquo;examen du public et du Parlement europ\u00e9en. \u00c0 l&rsquo;approche des \u00e9lections europ\u00e9ennes, cette absence de d\u00e9bat d\u00e9mocratique et de transparence <span style=\"color: #617fb6;\"><strong>porte atteinte \u00e0 la l\u00e9gitimit\u00e9 de l&rsquo;UE et la cr\u00e9dibilit\u00e9 de ses institutions<\/strong>.<\/span><\/p>\n<p data-testid=\"MEZ3MzGSDVAaCzHin0Wy5\">&#x270a; <strong>Nous soutenons la demande des agriculteurs et agricultrices de mettre fin aux n\u00e9gociations sur cet accord obsol\u00e8te entre l&rsquo;UE et le Mercosur<\/strong> &#x270a;<\/p>\n<table width=\"100%\">\n<tbody>\n<tr>\n<td><\/td>\n<th style=\"background-color: #617fb6; text-align: center;\"><strong><span style=\"color: #ffffff;\"><a style=\"color: #ffffff;\" href=\"http:\/\/j0up.mjt.lu\/lnk\/AUcAADsbVVEAAc4m22YAAADWDn0AAAAABr4AJMiBAAivbgBl-x0x6w0pqv8mTN6UnZG_QhfRDAAIPdM\/5\/jope1iM7FNknJNfWZvc5HA\/aHR0cHM6Ly93d3cuZm5oLm9yZy9hY2NvcmQtdWUtbWVyY29zdXItcmllbi1kZS1sZWdpdGltZS1kYW5zLWNldC1hY2NvcmQtaGVyaXRlLWRlcy1hbm5lZXMtMTk5MC8\"><strong>En savoir plus<\/strong><\/a><\/span><\/strong><\/th>\n<td><\/td>\n<\/tr>\n<\/tbody>\n<\/table>\n","protected":false},"excerpt":{"rendered":"<p>Alors que les agriculteurs et agricultrices manifestent dans toute l&rsquo;Europe, nous d\u00e9plorons que la Commission Europ\u00e9enne continue de faire pression sur les \u00e9tats, pour ratifier un accord qui sera source de concurrence d\u00e9loyale entre agriculteur\u00b7ices d&rsquo;Europe et d&rsquo;Am\u00e9rique du Sud.&#xfe0f; L&rsquo;accord de libre-\u00e9change UE-Mercosur constitue une grave menace pour les personnes et l&rsquo;environnement. Comme le &hellip; <a href=\"https:\/\/artisansdumonde-saintnazaire.org\/?p=1709\" class=\"more-link\">Continuer la lecture de <span class=\"screen-reader-text\">Accord de libre-\u00e9change UE-Mercosur : une bombe climatique et un accord antid\u00e9mocratique<\/span>  <span class=\"meta-nav\">&rarr;<\/span><\/a><\/p>\n","protected":false},"author":2,"featured_media":0,"comment_status":"closed","ping_status":"closed","sticky":false,"template":"","format":"standard","meta":{"_crdt_document":"","_mo_disable_npp":"","footnotes":""},"categories":[4,5],"tags":[],"class_list":["post-1709","post","type-post","status-publish","format-standard","hentry","category-actualites","category-adherents"],"_links":{"self":[{"href":"https:\/\/artisansdumonde-saintnazaire.org\/index.php?rest_route=\/wp\/v2\/posts\/1709","targetHints":{"allow":["GET"]}}],"collection":[{"href":"https:\/\/artisansdumonde-saintnazaire.org\/index.php?rest_route=\/wp\/v2\/posts"}],"about":[{"href":"https:\/\/artisansdumonde-saintnazaire.org\/index.php?rest_route=\/wp\/v2\/types\/post"}],"author":[{"embeddable":true,"href":"https:\/\/artisansdumonde-saintnazaire.org\/index.php?rest_route=\/wp\/v2\/users\/2"}],"replies":[{"embeddable":true,"href":"https:\/\/artisansdumonde-saintnazaire.org\/index.php?rest_route=%2Fwp%2Fv2%2Fcomments&post=1709"}],"version-history":[{"count":0,"href":"https:\/\/artisansdumonde-saintnazaire.org\/index.php?rest_route=\/wp\/v2\/posts\/1709\/revisions"}],"wp:attachment":[{"href":"https:\/\/artisansdumonde-saintnazaire.org\/index.php?rest_route=%2Fwp%2Fv2%2Fmedia&parent=1709"}],"wp:term":[{"taxonomy":"category","embeddable":true,"href":"https:\/\/artisansdumonde-saintnazaire.org\/index.php?rest_route=%2Fwp%2Fv2%2Fcategories&post=1709"},{"taxonomy":"post_tag","embeddable":true,"href":"https:\/\/artisansdumonde-saintnazaire.org\/index.php?rest_route=%2Fwp%2Fv2%2Ftags&post=1709"}],"curies":[{"name":"wp","href":"https:\/\/api.w.org\/{rel}","templated":true}]}}