{"id":1613,"date":"2023-05-15T15:55:35","date_gmt":"2023-05-15T13:55:35","guid":{"rendered":"https:\/\/artisansdumonde-saintnazaire.org\/?p=1613"},"modified":"2023-05-15T15:56:20","modified_gmt":"2023-05-15T13:56:20","slug":"exposition-a-agora","status":"publish","type":"post","link":"https:\/\/artisansdumonde-saintnazaire.org\/?p=1613","title":{"rendered":"Quinzaine du Commerce \u00c9quitable &#8211; Exposition \u00e0 Agora"},"content":{"rendered":"<p>Le Conseil Nazairien pour le Commerce \u00c9quitable organise une exposition-information sur le commerce \u00e9quitable \u00e0 Agora pendant la quinzaine du commerce \u00e9quitable.<img loading=\"lazy\" decoding=\"async\" class=\"alignnone wp-image-1614\" src=\"https:\/\/artisansdumonde-saintnazaire.org\/wp-content\/uploads\/Expo-CNCE-2023-agora-300x225.jpg\" alt=\"\" width=\"645\" height=\"484\" srcset=\"https:\/\/artisansdumonde-saintnazaire.org\/wp-content\/uploads\/Expo-CNCE-2023-agora-300x225.jpg 300w, https:\/\/artisansdumonde-saintnazaire.org\/wp-content\/uploads\/Expo-CNCE-2023-agora.jpg 640w\" sizes=\"auto, (max-width: 645px) 100vw, 645px\" \/><img loading=\"lazy\" decoding=\"async\" class=\"wp-image-1615 alignnone\" src=\"https:\/\/artisansdumonde-saintnazaire.org\/wp-content\/uploads\/Expo-3-CNCE-2023-225x300.jpg\" alt=\"\" width=\"233\" height=\"310\" srcset=\"https:\/\/artisansdumonde-saintnazaire.org\/wp-content\/uploads\/Expo-3-CNCE-2023-225x300.jpg 225w, https:\/\/artisansdumonde-saintnazaire.org\/wp-content\/uploads\/Expo-3-CNCE-2023-rotated.jpg 480w\" sizes=\"auto, (max-width: 233px) 100vw, 233px\" \/> <img loading=\"lazy\" decoding=\"async\" class=\"wp-image-1616 alignnone\" src=\"https:\/\/artisansdumonde-saintnazaire.org\/wp-content\/uploads\/expo-agora-IMG_0282-225x300.jpg\" alt=\"\" width=\"233\" height=\"311\" srcset=\"https:\/\/artisansdumonde-saintnazaire.org\/wp-content\/uploads\/expo-agora-IMG_0282-225x300.jpg 225w, https:\/\/artisansdumonde-saintnazaire.org\/wp-content\/uploads\/expo-agora-IMG_0282-rotated.jpg 480w\" sizes=\"auto, (max-width: 233px) 100vw, 233px\" \/> <img loading=\"lazy\" decoding=\"async\" class=\"alignnone wp-image-1617\" src=\"https:\/\/artisansdumonde-saintnazaire.org\/wp-content\/uploads\/expo-agora-IMG_8397-300x225.jpg\" alt=\"\" width=\"471\" height=\"353\" srcset=\"https:\/\/artisansdumonde-saintnazaire.org\/wp-content\/uploads\/expo-agora-IMG_8397-300x225.jpg 300w, https:\/\/artisansdumonde-saintnazaire.org\/wp-content\/uploads\/expo-agora-IMG_8397.jpg 640w\" sizes=\"auto, (max-width: 471px) 100vw, 471px\" \/><\/p>\n","protected":false},"excerpt":{"rendered":"<p>Le Conseil Nazairien pour le Commerce \u00c9quitable organise une exposition-information sur le commerce \u00e9quitable \u00e0 Agora pendant la quinzaine du commerce \u00e9quitable.<\/p>\n","protected":false},"author":2,"featured_media":0,"comment_status":"closed","ping_status":"closed","sticky":false,"template":"","format":"standard","meta":{"_crdt_document":"","_mo_disable_npp":"","footnotes":""},"categories":[4,5],"tags":[],"class_list":["post-1613","post","type-post","status-publish","format-standard","hentry","category-actualites","category-adherents"],"_links":{"self":[{"href":"https:\/\/artisansdumonde-saintnazaire.org\/index.php?rest_route=\/wp\/v2\/posts\/1613","targetHints":{"allow":["GET"]}}],"collection":[{"href":"https:\/\/artisansdumonde-saintnazaire.org\/index.php?rest_route=\/wp\/v2\/posts"}],"about":[{"href":"https:\/\/artisansdumonde-saintnazaire.org\/index.php?rest_route=\/wp\/v2\/types\/post"}],"author":[{"embeddable":true,"href":"https:\/\/artisansdumonde-saintnazaire.org\/index.php?rest_route=\/wp\/v2\/users\/2"}],"replies":[{"embeddable":true,"href":"https:\/\/artisansdumonde-saintnazaire.org\/index.php?rest_route=%2Fwp%2Fv2%2Fcomments&post=1613"}],"version-history":[{"count":0,"href":"https:\/\/artisansdumonde-saintnazaire.org\/index.php?rest_route=\/wp\/v2\/posts\/1613\/revisions"}],"wp:attachment":[{"href":"https:\/\/artisansdumonde-saintnazaire.org\/index.php?rest_route=%2Fwp%2Fv2%2Fmedia&parent=1613"}],"wp:term":[{"taxonomy":"category","embeddable":true,"href":"https:\/\/artisansdumonde-saintnazaire.org\/index.php?rest_route=%2Fwp%2Fv2%2Fcategories&post=1613"},{"taxonomy":"post_tag","embeddable":true,"href":"https:\/\/artisansdumonde-saintnazaire.org\/index.php?rest_route=%2Fwp%2Fv2%2Ftags&post=1613"}],"curies":[{"name":"wp","href":"https:\/\/api.w.org\/{rel}","templated":true}]}}