{"id":154,"date":"2015-10-30T09:56:10","date_gmt":"2015-10-30T07:56:10","guid":{"rendered":"http:\/\/artisansdumonde-saintnazaire.org\/?p=154"},"modified":"2016-05-19T14:20:30","modified_gmt":"2016-05-19T12:20:30","slug":"boutique-de-noel-lesspace","status":"publish","type":"post","link":"https:\/\/artisansdumonde-saintnazaire.org\/?p=154","title":{"rendered":"Boutique de No\u00ebl &#8211; L&rsquo;ESSpace"},"content":{"rendered":"<p><a href=\"https:\/\/artisansdumonde-saintnazaire.org\/wp-content\/uploads\/affiche-noel.jpg\"><img loading=\"lazy\" decoding=\"async\" class=\"wp-image-158 alignright\" src=\"https:\/\/artisansdumonde-saintnazaire.org\/wp-content\/uploads\/affiche-noel-214x300.jpg\" alt=\"affiche-noel\" width=\"225\" height=\"315\" srcset=\"https:\/\/artisansdumonde-saintnazaire.org\/wp-content\/uploads\/affiche-noel-214x300.jpg 214w, https:\/\/artisansdumonde-saintnazaire.org\/wp-content\/uploads\/affiche-noel-731x1024.jpg 731w, https:\/\/artisansdumonde-saintnazaire.org\/wp-content\/uploads\/affiche-noel.jpg 870w\" sizes=\"auto, (max-width: 225px) 100vw, 225px\" \/><\/a><\/p>\n<p style=\"text-align: justify;\"><a href=\"https:\/\/artisansdumonde-saintnazaire.org\/wp-content\/uploads\/logoesspace.gif\"><img loading=\"lazy\" decoding=\"async\" class=\"wp-image-155 alignleft\" src=\"https:\/\/artisansdumonde-saintnazaire.org\/wp-content\/uploads\/logoesspace-300x190.gif\" alt=\"logoesspace\" width=\"164\" height=\"104\" \/><\/a><\/p>\n<p>&nbsp;<\/p>\n<p style=\"text-align: justify;\">Apr\u00e8s une exp\u00e9rience r\u00e9ussie en 2014 dans les locaux d\u2019Artisans du Monde, le projet L\u2019ESSpace, lieu partag\u00e9 de l\u2019Economie Sociale et Solidaire, franchit une nouvelle \u00e9tape en 2015.<\/p>\n<p><!--more-->Les trois associations partenaires -Apei Ouest 44, Marie Moreau et Artisans du Monde- s\u2019unissent \u00e0 nouveau et ouvrent une \u00ab Boutique de No\u00ebl \u00bb pendant les mois de novembre et d\u00e9cembre 2015, en<br \/>\nplein centre ville de Saint-Nazaire.<\/p>\n<p>Pour vos repas de f\u00eates et cadeaux de fin d\u2019ann\u00e9e, vous y trouverez une large gamme de produits festifs fabriqu\u00e9s localement dans les ateliers des ESAT (Etablissement et Service d\u2019Aide par le Travail) ou issus du Commerce \u00c9quitable.<\/p>\n<h5 style=\"text-align: center;\"><strong>D\u00e8s le 4 novembre 2015 et jusqu&rsquo;au 31 d\u00e9cembre 2015<\/strong><br \/>\n<strong><span style=\"color: #99ccff;\">Faites la diff\u00e9rence<\/span><\/strong><span style=\"color: #99ccff;\">,<\/span> <span style=\"color: #808080;\">achetez solidaire !<\/span><\/h5>\n<p style=\"text-align: center;\"><strong>Rendez-vous \u00e0 la Boutique de No\u00ebl \u00ab L\u2019ESSpace \u00bb<br \/>\n79 rue de Stalingrad \u00e0 St-Nazaire<\/strong><br \/>\n(entre la place Droits de l\u2019Homme et la place des Martyrs)<\/p>\n<p style=\"text-align: center;\">Du mardi au samedi en novembre, de 11h \u00e0 19h.<br \/>\nLe lundi de 14h \u00e0 19h et du mardi au samedi 11h \u00e0 19h en d\u00e9cembre.<br \/>\nTel: 02 40 66 95 34<\/p>\n","protected":false},"excerpt":{"rendered":"<p>&nbsp; Apr\u00e8s une exp\u00e9rience r\u00e9ussie en 2014 dans les locaux d\u2019Artisans du Monde, le projet L\u2019ESSpace, lieu partag\u00e9 de l\u2019Economie Sociale et Solidaire, franchit une nouvelle \u00e9tape en 2015.<\/p>\n","protected":false},"author":2,"featured_media":155,"comment_status":"closed","ping_status":"closed","sticky":false,"template":"","format":"standard","meta":{"_crdt_document":"","_mo_disable_npp":"","footnotes":""},"categories":[4],"tags":[13],"class_list":["post-154","post","type-post","status-publish","format-standard","has-post-thumbnail","hentry","category-actualites","tag-esspace"],"_links":{"self":[{"href":"https:\/\/artisansdumonde-saintnazaire.org\/index.php?rest_route=\/wp\/v2\/posts\/154","targetHints":{"allow":["GET"]}}],"collection":[{"href":"https:\/\/artisansdumonde-saintnazaire.org\/index.php?rest_route=\/wp\/v2\/posts"}],"about":[{"href":"https:\/\/artisansdumonde-saintnazaire.org\/index.php?rest_route=\/wp\/v2\/types\/post"}],"author":[{"embeddable":true,"href":"https:\/\/artisansdumonde-saintnazaire.org\/index.php?rest_route=\/wp\/v2\/users\/2"}],"replies":[{"embeddable":true,"href":"https:\/\/artisansdumonde-saintnazaire.org\/index.php?rest_route=%2Fwp%2Fv2%2Fcomments&post=154"}],"version-history":[{"count":0,"href":"https:\/\/artisansdumonde-saintnazaire.org\/index.php?rest_route=\/wp\/v2\/posts\/154\/revisions"}],"wp:featuredmedia":[{"embeddable":true,"href":"https:\/\/artisansdumonde-saintnazaire.org\/index.php?rest_route=\/wp\/v2\/media\/155"}],"wp:attachment":[{"href":"https:\/\/artisansdumonde-saintnazaire.org\/index.php?rest_route=%2Fwp%2Fv2%2Fmedia&parent=154"}],"wp:term":[{"taxonomy":"category","embeddable":true,"href":"https:\/\/artisansdumonde-saintnazaire.org\/index.php?rest_route=%2Fwp%2Fv2%2Fcategories&post=154"},{"taxonomy":"post_tag","embeddable":true,"href":"https:\/\/artisansdumonde-saintnazaire.org\/index.php?rest_route=%2Fwp%2Fv2%2Ftags&post=154"}],"curies":[{"name":"wp","href":"https:\/\/api.w.org\/{rel}","templated":true}]}}