{"id":1480,"date":"2022-10-12T11:01:33","date_gmt":"2022-10-12T09:01:33","guid":{"rendered":"https:\/\/artisansdumonde-saintnazaire.org\/?p=1480"},"modified":"2022-10-12T11:02:14","modified_gmt":"2022-10-12T09:02:14","slug":"marche-des-producteurs-parc-naturel-regional-de-briere","status":"publish","type":"post","link":"https:\/\/artisansdumonde-saintnazaire.org\/?p=1480","title":{"rendered":"March\u00e9 des producteurs  Parc Naturel r\u00e9gional de Bri\u00e8re"},"content":{"rendered":"<p>A l&rsquo;occasion du Congr\u00e8s des parcs naturels r\u00e9gionaux de France organis\u00e9 cette ann\u00e9e sur le Parc naturel r\u00e9gional de Bri\u00e8re, un march\u00e9 des producteurs locaux et de l&rsquo;artisanat\u00a0 est organis\u00e9<\/p>\n<p style=\"text-align: center;\"><u>le<\/u>\u00a0<strong><u>vendredi 21 octobre, de 9h30 \u00e0 13h30<\/u><\/strong><br \/>\nau Ruban Bleu, \u00e0 Saint-Nazaire.<\/p>\n<p>A retrouver sur le march\u00e9 :<\/p>\n<ul>\n<li>Fromage, spiruline, miel, escargots, confiture, sel, p\u00e2tes de fruits, bi\u00e8re, vin, livre, objets en bois, c\u00e9ramiques, maroquinerie, savons, bougies&#8230;<\/li>\n<li>Des d\u00e9gustations des parcs naturels r\u00e9gionaux de France, des d\u00e9gustations propos\u00e9es par les \u00e9l\u00e8ves du CFA de Saint-Nazaire, et le midi une offre de restauration concoct\u00e9e par les \u00e9l\u00e8ves de la Maison de l&rsquo;apprentissage<br \/>\n(formule compl\u00e8te entr\u00e9e \/ plat \/ dessert \u00e0 emporter : 8\u20ac)<\/li>\n<\/ul>\n<p><img loading=\"lazy\" decoding=\"async\" class=\" wp-image-1481 aligncenter\" src=\"https:\/\/artisansdumonde-saintnazaire.org\/wp-content\/uploads\/Affiche_A3_marche_-paysanV3_-204x300.jpg\" alt=\"March\u00e9 paysan\" width=\"360\" height=\"529\" srcset=\"https:\/\/artisansdumonde-saintnazaire.org\/wp-content\/uploads\/Affiche_A3_marche_-paysanV3_-204x300.jpg 204w, https:\/\/artisansdumonde-saintnazaire.org\/wp-content\/uploads\/Affiche_A3_marche_-paysanV3_.jpg 435w\" sizes=\"auto, (max-width: 360px) 100vw, 360px\" \/><\/p>\n","protected":false},"excerpt":{"rendered":"<p>A l&rsquo;occasion du Congr\u00e8s des parcs naturels r\u00e9gionaux de France organis\u00e9 cette ann\u00e9e sur le Parc naturel r\u00e9gional de Bri\u00e8re, un march\u00e9 des producteurs locaux et de l&rsquo;artisanat\u00a0 est organis\u00e9 le\u00a0vendredi 21 octobre, de 9h30 \u00e0 13h30 au Ruban Bleu, \u00e0 Saint-Nazaire. A retrouver sur le march\u00e9 : Fromage, spiruline, miel, escargots, confiture, sel, p\u00e2tes &hellip; <a href=\"https:\/\/artisansdumonde-saintnazaire.org\/?p=1480\" class=\"more-link\">Continuer la lecture de <span class=\"screen-reader-text\">March\u00e9 des producteurs  Parc Naturel r\u00e9gional de Bri\u00e8re<\/span>  <span class=\"meta-nav\">&rarr;<\/span><\/a><\/p>\n","protected":false},"author":2,"featured_media":0,"comment_status":"closed","ping_status":"closed","sticky":false,"template":"","format":"standard","meta":{"_crdt_document":"","_mo_disable_npp":"","footnotes":""},"categories":[4,5],"tags":[],"class_list":["post-1480","post","type-post","status-publish","format-standard","hentry","category-actualites","category-adherents"],"_links":{"self":[{"href":"https:\/\/artisansdumonde-saintnazaire.org\/index.php?rest_route=\/wp\/v2\/posts\/1480","targetHints":{"allow":["GET"]}}],"collection":[{"href":"https:\/\/artisansdumonde-saintnazaire.org\/index.php?rest_route=\/wp\/v2\/posts"}],"about":[{"href":"https:\/\/artisansdumonde-saintnazaire.org\/index.php?rest_route=\/wp\/v2\/types\/post"}],"author":[{"embeddable":true,"href":"https:\/\/artisansdumonde-saintnazaire.org\/index.php?rest_route=\/wp\/v2\/users\/2"}],"replies":[{"embeddable":true,"href":"https:\/\/artisansdumonde-saintnazaire.org\/index.php?rest_route=%2Fwp%2Fv2%2Fcomments&post=1480"}],"version-history":[{"count":0,"href":"https:\/\/artisansdumonde-saintnazaire.org\/index.php?rest_route=\/wp\/v2\/posts\/1480\/revisions"}],"wp:attachment":[{"href":"https:\/\/artisansdumonde-saintnazaire.org\/index.php?rest_route=%2Fwp%2Fv2%2Fmedia&parent=1480"}],"wp:term":[{"taxonomy":"category","embeddable":true,"href":"https:\/\/artisansdumonde-saintnazaire.org\/index.php?rest_route=%2Fwp%2Fv2%2Fcategories&post=1480"},{"taxonomy":"post_tag","embeddable":true,"href":"https:\/\/artisansdumonde-saintnazaire.org\/index.php?rest_route=%2Fwp%2Fv2%2Ftags&post=1480"}],"curies":[{"name":"wp","href":"https:\/\/api.w.org\/{rel}","templated":true}]}}